{"id":290,"date":"2010-08-22T22:50:17","date_gmt":"2010-08-22T20:50:17","guid":{"rendered":"http:\/\/danyfoundation.org\/?p=290"},"modified":"2010-08-22T23:31:03","modified_gmt":"2010-08-22T21:31:03","slug":"de-patienten","status":"publish","type":"post","link":"https:\/\/danyfoundation.org\/?p=290&amp;lang=pt","title":{"rendered":"Os doentes"},"content":{"rendered":"<p><a href=\"https:\/\/danyfoundation.org\/wp-content\/uploads\/3-1.jpg\"><img loading=\"lazy\" decoding=\"async\" class=\"alignnone size-full wp-image-291\" title=\"3-1\" src=\"https:\/\/danyfoundation.org\/wp-content\/uploads\/3-1.jpg\" alt=\"\" width=\"590\" height=\"442\" srcset=\"https:\/\/danyfoundation.org\/wp-content\/uploads\/3-1.jpg 655w, https:\/\/danyfoundation.org\/wp-content\/uploads\/3-1-300x224.jpg 300w\" sizes=\"(max-width: 590px) 100vw, 590px\" \/><\/a><br \/>\n<em>Carlos (1,5 ano) com a m\u00e3e. No Hospital Oncologia.<\/em> <!--more--><\/p>\n<p><a href=\"https:\/\/danyfoundation.org\/wp-content\/uploads\/3-2.jpg\"><img loading=\"lazy\" decoding=\"async\" class=\"alignnone size-full wp-image-292\" title=\"3-2\" src=\"https:\/\/danyfoundation.org\/wp-content\/uploads\/3-2.jpg\" alt=\"\" width=\"590\" height=\"442\" srcset=\"https:\/\/danyfoundation.org\/wp-content\/uploads\/3-2.jpg 1024w, https:\/\/danyfoundation.org\/wp-content\/uploads\/3-2-300x225.jpg 300w\" sizes=\"(max-width: 590px) 100vw, 590px\" \/><\/a><br \/>\n<em>Emilio (6 anos). No Hospital Oncologia.<\/em><\/p>\n<p><a href=\"https:\/\/danyfoundation.org\/wp-content\/uploads\/3-3.jpg\"><img loading=\"lazy\" decoding=\"async\" class=\"alignnone size-full wp-image-293\" title=\"3-3\" src=\"https:\/\/danyfoundation.org\/wp-content\/uploads\/3-3.jpg\" alt=\"\" width=\"461\" height=\"614\" srcset=\"https:\/\/danyfoundation.org\/wp-content\/uploads\/3-3.jpg 461w, https:\/\/danyfoundation.org\/wp-content\/uploads\/3-3-225x300.jpg 225w\" sizes=\"(max-width: 461px) 100vw, 461px\" \/><\/a><br \/>\n<em>Rui, 25 anos, mora na pens\u00e3o 25 Abril, sem elevador. O Rui tem de subir as escadas com muletas. As m\u00e3os ja est\u00e3o quase a criar fridas por causa da press\u00e3o feita nas muletas.<\/em><\/p>\n<p><a href=\"https:\/\/danyfoundation.org\/wp-content\/uploads\/3-4.jpg\"><img loading=\"lazy\" decoding=\"async\" class=\"alignnone size-full wp-image-294\" title=\"3-4\" src=\"https:\/\/danyfoundation.org\/wp-content\/uploads\/3-4.jpg\" alt=\"\" width=\"491\" height=\"655\" srcset=\"https:\/\/danyfoundation.org\/wp-content\/uploads\/3-4.jpg 491w, https:\/\/danyfoundation.org\/wp-content\/uploads\/3-4-224x300.jpg 224w\" sizes=\"(max-width: 491px) 100vw, 491px\" \/><\/a><br \/>\n<em>Simonica 14 anos, vitima do cancro na perna. Hospital Oncologia<\/em><\/p>\n<p><a href=\"https:\/\/danyfoundation.org\/wp-content\/uploads\/3-11.jpg\"><img loading=\"lazy\" decoding=\"async\" class=\"alignnone size-full wp-image-305\" title=\"3-11\" src=\"https:\/\/danyfoundation.org\/wp-content\/uploads\/3-11.jpg\" alt=\"\" width=\"461\" height=\"614\" srcset=\"https:\/\/danyfoundation.org\/wp-content\/uploads\/3-11.jpg 461w, https:\/\/danyfoundation.org\/wp-content\/uploads\/3-11-225x300.jpg 225w\" sizes=\"(max-width: 461px) 100vw, 461px\" \/><\/a><br \/>\n<em>Guiumar &#8211; Perdeu as duas pernas por n\u00e3o ser tratada a tempo, do diabeto. Tamb\u00e9m tem problemas de rim.<\/em><\/p>\n<p><a href=\"https:\/\/danyfoundation.org\/wp-content\/uploads\/3-5.jpg\"><img loading=\"lazy\" decoding=\"async\" class=\"alignnone size-full wp-image-295\" title=\"3-5\" src=\"https:\/\/danyfoundation.org\/wp-content\/uploads\/3-5.jpg\" alt=\"\" width=\"592\" height=\"430\" srcset=\"https:\/\/danyfoundation.org\/wp-content\/uploads\/3-5.jpg 592w, https:\/\/danyfoundation.org\/wp-content\/uploads\/3-5-300x217.jpg 300w\" sizes=\"(max-width: 592px) 100vw, 592px\" \/><\/a><br \/>\n<em>Zaida &#8211; Faz tratamento quimico. Mora na Pens\u00e3o Cam\u00f5es.<\/em><\/p>\n<p><a href=\"https:\/\/danyfoundation.org\/wp-content\/uploads\/3-6.jpg\"><img loading=\"lazy\" decoding=\"async\" class=\"alignnone size-full wp-image-296\" title=\"3-6\" src=\"https:\/\/danyfoundation.org\/wp-content\/uploads\/3-6.jpg\" alt=\"\" width=\"553\" height=\"415\" srcset=\"https:\/\/danyfoundation.org\/wp-content\/uploads\/3-6.jpg 614w, https:\/\/danyfoundation.org\/wp-content\/uploads\/3-6-300x225.jpg 300w\" sizes=\"(max-width: 553px) 100vw, 553px\" \/><\/a><br \/>\n<em>Elder, (4 anos) no Hospital Oncologia<\/em><\/p>\n<p><a href=\"https:\/\/danyfoundation.org\/wp-content\/uploads\/3-7.jpg\"><img loading=\"lazy\" decoding=\"async\" class=\"alignnone size-full wp-image-297\" title=\"3-7\" src=\"https:\/\/danyfoundation.org\/wp-content\/uploads\/3-7.jpg\" alt=\"\" width=\"553\" height=\"415\" srcset=\"https:\/\/danyfoundation.org\/wp-content\/uploads\/3-7.jpg 614w, https:\/\/danyfoundation.org\/wp-content\/uploads\/3-7-300x225.jpg 300w\" sizes=\"(max-width: 553px) 100vw, 553px\" \/><\/a><br \/>\n<em>Taniris (3 anos), com a mae.<\/em><\/p>\n<p><a href=\"https:\/\/danyfoundation.org\/wp-content\/uploads\/3-8.jpg\"><img loading=\"lazy\" decoding=\"async\" class=\"alignnone size-full wp-image-298\" title=\"3-8\" src=\"https:\/\/danyfoundation.org\/wp-content\/uploads\/3-8.jpg\" alt=\"\" width=\"531\" height=\"398\" srcset=\"https:\/\/danyfoundation.org\/wp-content\/uploads\/3-8.jpg 655w, https:\/\/danyfoundation.org\/wp-content\/uploads\/3-8-300x224.jpg 300w\" sizes=\"(max-width: 531px) 100vw, 531px\" \/><\/a><br \/>\n<em>Nando (5 anos) no Hospital Oncologia.<\/em><\/p>\n<p><a href=\"https:\/\/danyfoundation.org\/wp-content\/uploads\/3-9.jpg\"><img loading=\"lazy\" decoding=\"async\" class=\"alignnone size-full wp-image-299\" title=\"3-9\" src=\"https:\/\/danyfoundation.org\/wp-content\/uploads\/3-9.jpg\" alt=\"\" width=\"553\" height=\"415\" srcset=\"https:\/\/danyfoundation.org\/wp-content\/uploads\/3-9.jpg 614w, https:\/\/danyfoundation.org\/wp-content\/uploads\/3-9-300x225.jpg 300w\" sizes=\"(max-width: 553px) 100vw, 553px\" \/><\/a><br \/>\n<em>Emilio (6 anos). No Hospital Oncologia.<\/em><\/p>\n","protected":false},"excerpt":{"rendered":"<p>Carlos (1,5 ano) com a m\u00e3e. No Hospital Oncologia.<\/p>\n","protected":false},"author":1,"featured_media":0,"comment_status":"closed","ping_status":"closed","sticky":false,"template":"","format":"standard","meta":{"footnotes":""},"categories":[5],"tags":[],"yoast_head":"<!-- This site is optimized with the Yoast SEO plugin v23.5 - https:\/\/yoast.com\/wordpress\/plugins\/seo\/ -->\n<title>De pati\u00ebntenThe patientsOs doentesOs doentes (Port.) - Dany Foundation<\/title>\n<meta name=\"robots\" content=\"index, follow, max-snippet:-1, max-image-preview:large, max-video-preview:-1\" \/>\n<link rel=\"canonical\" href=\"https:\/\/danyfoundation.org\/?p=290&amp;lang=pt\" \/>\n<meta property=\"og:locale\" content=\"pt_BR\" \/>\n<meta property=\"og:type\" content=\"article\" \/>\n<meta property=\"og:title\" content=\"De pati\u00ebntenThe patientsOs doentesOs doentes (Port.) - Dany Foundation\" \/>\n<meta property=\"og:description\" content=\"Carlos (1,5 ano) com a m\u00e3e. No Hospital Oncologia.\" \/>\n<meta property=\"og:url\" content=\"https:\/\/danyfoundation.org\/?p=290\" \/>\n<meta property=\"og:site_name\" content=\"Dany Foundation\" \/>\n<meta property=\"article:published_time\" content=\"2010-08-22T20:50:17+00:00\" \/>\n<meta property=\"article:modified_time\" content=\"2010-08-22T21:31:03+00:00\" \/>\n<meta property=\"og:image\" content=\"https:\/\/danyfoundation.org\/wp-content\/uploads\/3-1.jpg\" \/>\n<meta name=\"author\" content=\"grace\" \/>\n<meta name=\"twitter:card\" content=\"summary_large_image\" \/>\n<meta name=\"twitter:label1\" content=\"Escrito por\" \/>\n\t<meta name=\"twitter:data1\" content=\"grace\" \/>\n\t<meta name=\"twitter:label2\" content=\"Est. tempo de leitura\" \/>\n\t<meta name=\"twitter:data2\" content=\"2 minutes\" \/>\n<script type=\"application\/ld+json\" class=\"yoast-schema-graph\">{\"@context\":\"https:\/\/schema.org\",\"@graph\":[{\"@type\":\"Article\",\"@id\":\"https:\/\/danyfoundation.org\/?p=290#article\",\"isPartOf\":{\"@id\":\"https:\/\/danyfoundation.org\/?p=290\"},\"author\":{\"name\":\"grace\",\"@id\":\"https:\/\/danyfoundation.org\/#\/schema\/person\/8a17c53687a0af21804d991878b722fd\"},\"headline\":\"Os doentes\",\"datePublished\":\"2010-08-22T20:50:17+00:00\",\"dateModified\":\"2010-08-22T21:31:03+00:00\",\"mainEntityOfPage\":{\"@id\":\"https:\/\/danyfoundation.org\/?p=290\"},\"wordCount\":471,\"publisher\":{\"@id\":\"https:\/\/danyfoundation.org\/#organization\"},\"image\":{\"@id\":\"https:\/\/danyfoundation.org\/?p=290#primaryimage\"},\"thumbnailUrl\":\"https:\/\/danyfoundation.org\/wp-content\/uploads\/3-1.jpg\",\"articleSection\":[\"Foto Reportagens\"],\"inLanguage\":\"pt-BR\"},{\"@type\":\"WebPage\",\"@id\":\"https:\/\/danyfoundation.org\/?p=290\",\"url\":\"https:\/\/danyfoundation.org\/?p=290\",\"name\":\"De pati\u00ebntenThe patientsOs doentesOs doentes (Port.) - Dany Foundation\",\"isPartOf\":{\"@id\":\"https:\/\/danyfoundation.org\/#website\"},\"primaryImageOfPage\":{\"@id\":\"https:\/\/danyfoundation.org\/?p=290#primaryimage\"},\"image\":{\"@id\":\"https:\/\/danyfoundation.org\/?p=290#primaryimage\"},\"thumbnailUrl\":\"https:\/\/danyfoundation.org\/wp-content\/uploads\/3-1.jpg\",\"datePublished\":\"2010-08-22T20:50:17+00:00\",\"dateModified\":\"2010-08-22T21:31:03+00:00\",\"breadcrumb\":{\"@id\":\"https:\/\/danyfoundation.org\/?p=290#breadcrumb\"},\"inLanguage\":\"pt-BR\",\"potentialAction\":[{\"@type\":\"ReadAction\",\"target\":[\"https:\/\/danyfoundation.org\/?p=290\"]}]},{\"@type\":\"ImageObject\",\"inLanguage\":\"pt-BR\",\"@id\":\"https:\/\/danyfoundation.org\/?p=290#primaryimage\",\"url\":\"https:\/\/danyfoundation.org\/wp-content\/uploads\/3-1.jpg\",\"contentUrl\":\"https:\/\/danyfoundation.org\/wp-content\/uploads\/3-1.jpg\"},{\"@type\":\"BreadcrumbList\",\"@id\":\"https:\/\/danyfoundation.org\/?p=290#breadcrumb\",\"itemListElement\":[{\"@type\":\"ListItem\",\"position\":1,\"name\":\"Home\",\"item\":\"https:\/\/danyfoundation.org\/\"},{\"@type\":\"ListItem\",\"position\":2,\"name\":\"De pati\u00ebnten\"}]},{\"@type\":\"WebSite\",\"@id\":\"https:\/\/danyfoundation.org\/#website\",\"url\":\"https:\/\/danyfoundation.org\/\",\"name\":\"Dany Foundation\",\"description\":\"Stichting voor Kaapverdiaanse pati\u00ebnten\",\"publisher\":{\"@id\":\"https:\/\/danyfoundation.org\/#organization\"},\"potentialAction\":[{\"@type\":\"SearchAction\",\"target\":{\"@type\":\"EntryPoint\",\"urlTemplate\":\"https:\/\/danyfoundation.org\/?s={search_term_string}\"},\"query-input\":{\"@type\":\"PropertyValueSpecification\",\"valueRequired\":true,\"valueName\":\"search_term_string\"}}],\"inLanguage\":\"pt-BR\"},{\"@type\":\"Organization\",\"@id\":\"https:\/\/danyfoundation.org\/#organization\",\"name\":\"Dany Foundation\",\"url\":\"https:\/\/danyfoundation.org\/\",\"logo\":{\"@type\":\"ImageObject\",\"inLanguage\":\"pt-BR\",\"@id\":\"https:\/\/danyfoundation.org\/#\/schema\/logo\/image\/\",\"url\":\"https:\/\/danyfoundation.org\/wp-content\/uploads\/danyfoundation.jpg\",\"contentUrl\":\"https:\/\/danyfoundation.org\/wp-content\/uploads\/danyfoundation.jpg\",\"width\":\"272\",\"height\":\"406\",\"caption\":\"Dany Foundation\"},\"image\":{\"@id\":\"https:\/\/danyfoundation.org\/#\/schema\/logo\/image\/\"}},{\"@type\":\"Person\",\"@id\":\"https:\/\/danyfoundation.org\/#\/schema\/person\/8a17c53687a0af21804d991878b722fd\",\"name\":\"grace\",\"image\":{\"@type\":\"ImageObject\",\"inLanguage\":\"pt-BR\",\"@id\":\"https:\/\/danyfoundation.org\/#\/schema\/person\/image\/\",\"url\":\"https:\/\/secure.gravatar.com\/avatar\/d2cabdb5c853de679b0f3b871fa9071c?s=96&d=mm&r=g\",\"contentUrl\":\"https:\/\/secure.gravatar.com\/avatar\/d2cabdb5c853de679b0f3b871fa9071c?s=96&d=mm&r=g\",\"caption\":\"grace\"},\"sameAs\":[\"http:\/\/www.danyfoundation.org\"],\"url\":\"https:\/\/danyfoundation.org\/?author=1&amp;lang=pt\"}]}<\/script>\n<!-- \/ Yoast SEO plugin. -->","yoast_head_json":{"title":"De pati\u00ebntenThe patientsOs doentesOs doentes (Port.) - Dany Foundation","robots":{"index":"index","follow":"follow","max-snippet":"max-snippet:-1","max-image-preview":"max-image-preview:large","max-video-preview":"max-video-preview:-1"},"canonical":"https:\/\/danyfoundation.org\/?p=290","og_locale":"pt_BR","og_type":"article","og_title":"De pati\u00ebntenThe patientsOs doentesOs doentes (Port.) - Dany Foundation","og_description":"Carlos (1,5 ano) com a m\u00e3e. No Hospital Oncologia.","og_url":"https:\/\/danyfoundation.org\/?p=290","og_site_name":"Dany Foundation","article_published_time":"2010-08-22T20:50:17+00:00","article_modified_time":"2010-08-22T21:31:03+00:00","og_image":[{"url":"https:\/\/danyfoundation.org\/wp-content\/uploads\/3-1.jpg"}],"author":"grace","twitter_card":"summary_large_image","twitter_misc":{"Escrito por":"grace","Est. tempo de leitura":"2 minutes"},"schema":{"@context":"https:\/\/schema.org","@graph":[{"@type":"Article","@id":"https:\/\/danyfoundation.org\/?p=290#article","isPartOf":{"@id":"https:\/\/danyfoundation.org\/?p=290"},"author":{"name":"grace","@id":"https:\/\/danyfoundation.org\/#\/schema\/person\/8a17c53687a0af21804d991878b722fd"},"headline":"Os doentes","datePublished":"2010-08-22T20:50:17+00:00","dateModified":"2010-08-22T21:31:03+00:00","mainEntityOfPage":{"@id":"https:\/\/danyfoundation.org\/?p=290"},"wordCount":471,"publisher":{"@id":"https:\/\/danyfoundation.org\/#organization"},"image":{"@id":"https:\/\/danyfoundation.org\/?p=290#primaryimage"},"thumbnailUrl":"https:\/\/danyfoundation.org\/wp-content\/uploads\/3-1.jpg","articleSection":["Foto Reportagens"],"inLanguage":"pt-BR"},{"@type":"WebPage","@id":"https:\/\/danyfoundation.org\/?p=290","url":"https:\/\/danyfoundation.org\/?p=290","name":"De pati\u00ebntenThe patientsOs doentesOs doentes (Port.) - Dany Foundation","isPartOf":{"@id":"https:\/\/danyfoundation.org\/#website"},"primaryImageOfPage":{"@id":"https:\/\/danyfoundation.org\/?p=290#primaryimage"},"image":{"@id":"https:\/\/danyfoundation.org\/?p=290#primaryimage"},"thumbnailUrl":"https:\/\/danyfoundation.org\/wp-content\/uploads\/3-1.jpg","datePublished":"2010-08-22T20:50:17+00:00","dateModified":"2010-08-22T21:31:03+00:00","breadcrumb":{"@id":"https:\/\/danyfoundation.org\/?p=290#breadcrumb"},"inLanguage":"pt-BR","potentialAction":[{"@type":"ReadAction","target":["https:\/\/danyfoundation.org\/?p=290"]}]},{"@type":"ImageObject","inLanguage":"pt-BR","@id":"https:\/\/danyfoundation.org\/?p=290#primaryimage","url":"https:\/\/danyfoundation.org\/wp-content\/uploads\/3-1.jpg","contentUrl":"https:\/\/danyfoundation.org\/wp-content\/uploads\/3-1.jpg"},{"@type":"BreadcrumbList","@id":"https:\/\/danyfoundation.org\/?p=290#breadcrumb","itemListElement":[{"@type":"ListItem","position":1,"name":"Home","item":"https:\/\/danyfoundation.org\/"},{"@type":"ListItem","position":2,"name":"De pati\u00ebnten"}]},{"@type":"WebSite","@id":"https:\/\/danyfoundation.org\/#website","url":"https:\/\/danyfoundation.org\/","name":"Dany Foundation","description":"Stichting voor Kaapverdiaanse pati\u00ebnten","publisher":{"@id":"https:\/\/danyfoundation.org\/#organization"},"potentialAction":[{"@type":"SearchAction","target":{"@type":"EntryPoint","urlTemplate":"https:\/\/danyfoundation.org\/?s={search_term_string}"},"query-input":{"@type":"PropertyValueSpecification","valueRequired":true,"valueName":"search_term_string"}}],"inLanguage":"pt-BR"},{"@type":"Organization","@id":"https:\/\/danyfoundation.org\/#organization","name":"Dany Foundation","url":"https:\/\/danyfoundation.org\/","logo":{"@type":"ImageObject","inLanguage":"pt-BR","@id":"https:\/\/danyfoundation.org\/#\/schema\/logo\/image\/","url":"https:\/\/danyfoundation.org\/wp-content\/uploads\/danyfoundation.jpg","contentUrl":"https:\/\/danyfoundation.org\/wp-content\/uploads\/danyfoundation.jpg","width":"272","height":"406","caption":"Dany Foundation"},"image":{"@id":"https:\/\/danyfoundation.org\/#\/schema\/logo\/image\/"}},{"@type":"Person","@id":"https:\/\/danyfoundation.org\/#\/schema\/person\/8a17c53687a0af21804d991878b722fd","name":"grace","image":{"@type":"ImageObject","inLanguage":"pt-BR","@id":"https:\/\/danyfoundation.org\/#\/schema\/person\/image\/","url":"https:\/\/secure.gravatar.com\/avatar\/d2cabdb5c853de679b0f3b871fa9071c?s=96&d=mm&r=g","contentUrl":"https:\/\/secure.gravatar.com\/avatar\/d2cabdb5c853de679b0f3b871fa9071c?s=96&d=mm&r=g","caption":"grace"},"sameAs":["http:\/\/www.danyfoundation.org"],"url":"https:\/\/danyfoundation.org\/?author=1&amp;lang=pt"}]}},"_links":{"self":[{"href":"https:\/\/danyfoundation.org\/index.php?rest_route=\/wp\/v2\/posts\/290"}],"collection":[{"href":"https:\/\/danyfoundation.org\/index.php?rest_route=\/wp\/v2\/posts"}],"about":[{"href":"https:\/\/danyfoundation.org\/index.php?rest_route=\/wp\/v2\/types\/post"}],"author":[{"embeddable":true,"href":"https:\/\/danyfoundation.org\/index.php?rest_route=\/wp\/v2\/users\/1"}],"replies":[{"embeddable":true,"href":"https:\/\/danyfoundation.org\/index.php?rest_route=%2Fwp%2Fv2%2Fcomments&post=290"}],"version-history":[{"count":4,"href":"https:\/\/danyfoundation.org\/index.php?rest_route=\/wp\/v2\/posts\/290\/revisions"}],"predecessor-version":[{"id":302,"href":"https:\/\/danyfoundation.org\/index.php?rest_route=\/wp\/v2\/posts\/290\/revisions\/302"}],"wp:attachment":[{"href":"https:\/\/danyfoundation.org\/index.php?rest_route=%2Fwp%2Fv2%2Fmedia&parent=290"}],"wp:term":[{"taxonomy":"category","embeddable":true,"href":"https:\/\/danyfoundation.org\/index.php?rest_route=%2Fwp%2Fv2%2Fcategories&post=290"},{"taxonomy":"post_tag","embeddable":true,"href":"https:\/\/danyfoundation.org\/index.php?rest_route=%2Fwp%2Fv2%2Ftags&post=290"}],"curies":[{"name":"wp","href":"https:\/\/api.w.org\/{rel}","templated":true}]}}