{"id":1332,"date":"2015-09-11T16:25:08","date_gmt":"2015-09-11T14:25:08","guid":{"rendered":"http:\/\/danyfoundation.org\/?p=1332"},"modified":"2015-09-19T13:18:35","modified_gmt":"2015-09-19T11:18:35","slug":"2015-bezoek-kaapverdi%c3%ab","status":"publish","type":"post","link":"https:\/\/danyfoundation.org\/?p=1332","title":{"rendered":"2015 Bezoek Kaapverdi\u00eb"},"content":{"rendered":"<p>In Juli 2015 is Grace Beatriz wederom naar Kaap Verdi\u00eb (S\u00e3o Vicente &amp; Santo Ant\u00e3o) afgereisd en heeft meerdere scholen, een kindertehuis, een bejaardentehuis, een ziekenhuis en ook een krottewijk bezocht om spullen (schoolartikelen, rugtassen, kleding,medicijnen, voedselpakketten, knuffels\/speelgoed\/spelletjes) uit delen voor degenen die het hard konden gebruiken. Hieronder een fotoreportage (klik op de foto\u2019s voor een grotere versie)<\/p>\n<p>&nbsp;<\/p>\n<p><strong>Uitdelen knuffels in kinderdagverblijf Ribeira Bote<\/strong><\/p>\n<p><a href=\"https:\/\/danyfoundation.org\/wp-content\/uploads\/20150625_104000.jpg\" target=\"_blank\"><img loading=\"lazy\" decoding=\"async\" class=\"wp-image-1333 aligncenter\" src=\"https:\/\/danyfoundation.org\/wp-content\/uploads\/20150625_104000-300x169.jpg\" alt=\"20150625_104000\" width=\"731\" height=\"412\" srcset=\"https:\/\/danyfoundation.org\/wp-content\/uploads\/20150625_104000-300x169.jpg 300w, https:\/\/danyfoundation.org\/wp-content\/uploads\/20150625_104000-1024x576.jpg 1024w\" sizes=\"(max-width: 731px) 100vw, 731px\" \/><\/a>\u00a0\u00a0 <a href=\"https:\/\/danyfoundation.org\/wp-content\/uploads\/20150625_110916.jpg\" target=\"_blank\"><img loading=\"lazy\" decoding=\"async\" class=\"wp-image-1335 aligncenter\" src=\"https:\/\/danyfoundation.org\/wp-content\/uploads\/20150625_110916-300x169.jpg\" alt=\"20150625_110916\" width=\"808\" height=\"455\" srcset=\"https:\/\/danyfoundation.org\/wp-content\/uploads\/20150625_110916-300x169.jpg 300w, https:\/\/danyfoundation.org\/wp-content\/uploads\/20150625_110916-1024x576.jpg 1024w\" sizes=\"(max-width: 808px) 100vw, 808px\" \/><\/a>\u00a0\u00a0 <a href=\"https:\/\/danyfoundation.org\/wp-content\/uploads\/20150625_111411.jpg\" target=\"_blank\"><img loading=\"lazy\" decoding=\"async\" class=\"wp-image-1336 aligncenter\" src=\"https:\/\/danyfoundation.org\/wp-content\/uploads\/20150625_111411-300x169.jpg\" alt=\"20150625_111411\" width=\"978\" height=\"551\" srcset=\"https:\/\/danyfoundation.org\/wp-content\/uploads\/20150625_111411-300x169.jpg 300w, https:\/\/danyfoundation.org\/wp-content\/uploads\/20150625_111411-1024x576.jpg 1024w\" sizes=\"(max-width: 978px) 100vw, 978px\" \/><\/a><\/p>\n<p><a href=\"https:\/\/danyfoundation.org\/wp-content\/uploads\/20150625_111850_1.jpg\" target=\"_blank\"><img loading=\"lazy\" decoding=\"async\" class=\"wp-image-1337 aligncenter\" src=\"https:\/\/danyfoundation.org\/wp-content\/uploads\/20150625_111850_1-169x300.jpg\" alt=\"20150625_111850_1\" width=\"313\" height=\"556\" srcset=\"https:\/\/danyfoundation.org\/wp-content\/uploads\/20150625_111850_1-169x300.jpg 169w, https:\/\/danyfoundation.org\/wp-content\/uploads\/20150625_111850_1-576x1024.jpg 576w, https:\/\/danyfoundation.org\/wp-content\/uploads\/20150625_111850_1.jpg 1836w\" sizes=\"(max-width: 313px) 100vw, 313px\" \/><\/a><\/p>\n<p><a href=\"https:\/\/danyfoundation.org\/wp-content\/uploads\/20150625_105218.jpg\" target=\"_blank\"><img loading=\"lazy\" decoding=\"async\" class=\"wp-image-1334 aligncenter\" src=\"https:\/\/danyfoundation.org\/wp-content\/uploads\/20150625_105218-300x169.jpg\" alt=\"20150625_105218\" width=\"797\" height=\"449\" srcset=\"https:\/\/danyfoundation.org\/wp-content\/uploads\/20150625_105218-300x169.jpg 300w, https:\/\/danyfoundation.org\/wp-content\/uploads\/20150625_105218-1024x576.jpg 1024w\" sizes=\"(max-width: 797px) 100vw, 797px\" \/><\/a><\/p>\n<p>&nbsp;<\/p>\n<p>&nbsp;<\/p>\n<p><strong>Uitdelen kleding, schoolspullen en pakketten met etenswaar, medicijnen, zeep etc. in visserdorp S\u00e3o Pedro<\/strong><\/p>\n<p>&nbsp;<\/p>\n<p><a href=\"https:\/\/danyfoundation.org\/wp-content\/uploads\/20150625_182410.jpg\" target=\"_blank\"><img loading=\"lazy\" decoding=\"async\" class=\"aligncenter wp-image-1339 \" src=\"https:\/\/danyfoundation.org\/wp-content\/uploads\/20150625_182410-300x169.jpg\" alt=\"20150625_182410\" width=\"745\" height=\"420\" srcset=\"https:\/\/danyfoundation.org\/wp-content\/uploads\/20150625_182410-300x169.jpg 300w, https:\/\/danyfoundation.org\/wp-content\/uploads\/20150625_182410-1024x576.jpg 1024w\" sizes=\"(max-width: 745px) 100vw, 745px\" \/><\/a><\/p>\n<p><a href=\"https:\/\/danyfoundation.org\/wp-content\/uploads\/20150625_182429.jpg\"><img loading=\"lazy\" decoding=\"async\" class=\"aligncenter wp-image-1340\" src=\"https:\/\/danyfoundation.org\/wp-content\/uploads\/20150625_182429.jpg\" alt=\"20150625_182429\" width=\"889\" height=\"500\" srcset=\"https:\/\/danyfoundation.org\/wp-content\/uploads\/20150625_182429.jpg 3264w, https:\/\/danyfoundation.org\/wp-content\/uploads\/20150625_182429-300x169.jpg 300w, https:\/\/danyfoundation.org\/wp-content\/uploads\/20150625_182429-1024x576.jpg 1024w\" sizes=\"(max-width: 889px) 100vw, 889px\" \/><\/a><\/p>\n<p>&nbsp;<\/p>\n<p><a href=\"https:\/\/danyfoundation.org\/wp-content\/uploads\/20150625_182458.jpg\"><img loading=\"lazy\" decoding=\"async\" class=\"aligncenter wp-image-1341\" src=\"https:\/\/danyfoundation.org\/wp-content\/uploads\/20150625_182458.jpg\" alt=\"20150625_182458\" width=\"931\" height=\"524\" srcset=\"https:\/\/danyfoundation.org\/wp-content\/uploads\/20150625_182458.jpg 3264w, https:\/\/danyfoundation.org\/wp-content\/uploads\/20150625_182458-300x169.jpg 300w, https:\/\/danyfoundation.org\/wp-content\/uploads\/20150625_182458-1024x576.jpg 1024w\" sizes=\"(max-width: 931px) 100vw, 931px\" \/><\/a><\/p>\n<p><a href=\"https:\/\/danyfoundation.org\/wp-content\/uploads\/20150625_182626.jpg\"><img loading=\"lazy\" decoding=\"async\" class=\"aligncenter wp-image-1342\" src=\"https:\/\/danyfoundation.org\/wp-content\/uploads\/20150625_182626.jpg\" alt=\"20150625_182626\" width=\"953\" height=\"536\" srcset=\"https:\/\/danyfoundation.org\/wp-content\/uploads\/20150625_182626.jpg 3264w, https:\/\/danyfoundation.org\/wp-content\/uploads\/20150625_182626-300x169.jpg 300w, https:\/\/danyfoundation.org\/wp-content\/uploads\/20150625_182626-1024x576.jpg 1024w\" sizes=\"(max-width: 953px) 100vw, 953px\" \/><\/a><\/p>\n<p>&nbsp;<\/p>\n<p><strong>Uitdelen schoolspullen in Ribeira da Cruz,\u00a0 Santo Ant\u00e3o<\/strong><\/p>\n<p>&nbsp;<\/p>\n<p><a href=\"https:\/\/danyfoundation.org\/wp-content\/uploads\/20150703_121527.jpg\" target=\"_blank\"><img loading=\"lazy\" decoding=\"async\" class=\"aligncenter wp-image-1346 size-large\" src=\"https:\/\/danyfoundation.org\/wp-content\/uploads\/20150703_121527-1024x576.jpg\" alt=\"20150703_121527\" width=\"1024\" height=\"576\" srcset=\"https:\/\/danyfoundation.org\/wp-content\/uploads\/20150703_121527-1024x576.jpg 1024w, https:\/\/danyfoundation.org\/wp-content\/uploads\/20150703_121527-300x169.jpg 300w\" sizes=\"(max-width: 1024px) 100vw, 1024px\" \/><\/a><\/p>\n<p><a href=\"https:\/\/danyfoundation.org\/wp-content\/uploads\/20150703_121534.jpg\" target=\"_blank\"><img loading=\"lazy\" decoding=\"async\" class=\"aligncenter wp-image-1347 size-large\" src=\"https:\/\/danyfoundation.org\/wp-content\/uploads\/20150703_121534-1024x576.jpg\" alt=\"20150703_121534\" width=\"1024\" height=\"576\" srcset=\"https:\/\/danyfoundation.org\/wp-content\/uploads\/20150703_121534-1024x576.jpg 1024w, https:\/\/danyfoundation.org\/wp-content\/uploads\/20150703_121534-300x169.jpg 300w\" sizes=\"(max-width: 1024px) 100vw, 1024px\" \/><\/a><\/p>\n<p><a href=\"https:\/\/danyfoundation.org\/wp-content\/uploads\/20150703_121537.jpg\" target=\"_blank\"><img loading=\"lazy\" decoding=\"async\" class=\"aligncenter wp-image-1348 size-large\" src=\"https:\/\/danyfoundation.org\/wp-content\/uploads\/20150703_121537-1024x576.jpg\" alt=\"20150703_121537\" width=\"1024\" height=\"576\" srcset=\"https:\/\/danyfoundation.org\/wp-content\/uploads\/20150703_121537-1024x576.jpg 1024w, https:\/\/danyfoundation.org\/wp-content\/uploads\/20150703_121537-300x169.jpg 300w\" sizes=\"(max-width: 1024px) 100vw, 1024px\" \/><\/a><\/p>\n<p><a href=\"https:\/\/danyfoundation.org\/wp-content\/uploads\/20150703_121648.jpg\" target=\"_blank\"><img loading=\"lazy\" decoding=\"async\" class=\"aligncenter wp-image-1349 size-large\" src=\"https:\/\/danyfoundation.org\/wp-content\/uploads\/20150703_121648-1024x576.jpg\" alt=\"20150703_121648\" width=\"1024\" height=\"576\" srcset=\"https:\/\/danyfoundation.org\/wp-content\/uploads\/20150703_121648-1024x576.jpg 1024w, https:\/\/danyfoundation.org\/wp-content\/uploads\/20150703_121648-300x169.jpg 300w\" sizes=\"(max-width: 1024px) 100vw, 1024px\" \/><\/a><\/p>\n<p><a href=\"https:\/\/danyfoundation.org\/wp-content\/uploads\/20150703_122354.jpg\" target=\"_blank\"><img loading=\"lazy\" decoding=\"async\" class=\"aligncenter wp-image-1350 size-large\" src=\"https:\/\/danyfoundation.org\/wp-content\/uploads\/20150703_122354-1024x576.jpg\" alt=\"20150703_122354\" width=\"1024\" height=\"576\" srcset=\"https:\/\/danyfoundation.org\/wp-content\/uploads\/20150703_122354-1024x576.jpg 1024w, https:\/\/danyfoundation.org\/wp-content\/uploads\/20150703_122354-300x169.jpg 300w\" sizes=\"(max-width: 1024px) 100vw, 1024px\" \/><\/a><\/p>\n<p><a href=\"https:\/\/danyfoundation.org\/wp-content\/uploads\/20150703_123023.jpg\" target=\"_blank\"><img loading=\"lazy\" decoding=\"async\" class=\"aligncenter wp-image-1351 size-large\" src=\"https:\/\/danyfoundation.org\/wp-content\/uploads\/20150703_123023-1024x576.jpg\" alt=\"20150703_123023\" width=\"1024\" height=\"576\" srcset=\"https:\/\/danyfoundation.org\/wp-content\/uploads\/20150703_123023-1024x576.jpg 1024w, https:\/\/danyfoundation.org\/wp-content\/uploads\/20150703_123023-300x169.jpg 300w\" sizes=\"(max-width: 1024px) 100vw, 1024px\" \/><\/a><\/p>\n<p><a href=\"https:\/\/danyfoundation.org\/wp-content\/uploads\/20150703_123256_1.jpg\" target=\"_blank\"><img loading=\"lazy\" decoding=\"async\" class=\"aligncenter wp-image-1352 size-large\" src=\"https:\/\/danyfoundation.org\/wp-content\/uploads\/20150703_123256_1-1024x576.jpg\" alt=\"20150703_123256_1\" width=\"1024\" height=\"576\" srcset=\"https:\/\/danyfoundation.org\/wp-content\/uploads\/20150703_123256_1-1024x576.jpg 1024w, https:\/\/danyfoundation.org\/wp-content\/uploads\/20150703_123256_1-300x169.jpg 300w\" sizes=\"(max-width: 1024px) 100vw, 1024px\" \/><\/a><\/p>\n<p><a href=\"https:\/\/danyfoundation.org\/wp-content\/uploads\/20150703_123259_1.jpg\" target=\"_blank\"><img loading=\"lazy\" decoding=\"async\" class=\"aligncenter wp-image-1353 size-large\" src=\"https:\/\/danyfoundation.org\/wp-content\/uploads\/20150703_123259_1-1024x576.jpg\" alt=\"20150703_123259_1\" width=\"1024\" height=\"576\" srcset=\"https:\/\/danyfoundation.org\/wp-content\/uploads\/20150703_123259_1-1024x576.jpg 1024w, https:\/\/danyfoundation.org\/wp-content\/uploads\/20150703_123259_1-300x169.jpg 300w\" sizes=\"(max-width: 1024px) 100vw, 1024px\" \/><\/a><\/p>\n<p>&nbsp;<\/p>\n<p><strong>Samen met de dochters van Arlete en haar zus die hun heeft opgevoed.<\/strong> Arlete is in 2008 overleden aan kanker in Portugal, gelukkig gaat het nu heel goed met haar kinderen! De Dany foundation heeft destijds meerdere inzamelacties gehouden voor haar gezin. Zie ook dit artikel: <a href=\"https:\/\/danyfoundation.org\/?p=233\" target=\"_blank\">Adeus Arlete!<\/a><\/p>\n<p><a href=\"https:\/\/danyfoundation.org\/wp-content\/uploads\/2015-Arlete-Filhas.jpg\" target=\"_blank\"><img loading=\"lazy\" decoding=\"async\" class=\"aligncenter wp-image-1397\" src=\"https:\/\/danyfoundation.org\/wp-content\/uploads\/2015-Arlete-Filhas-1024x837.jpg\" alt=\"2015 Arlete Filhas\" width=\"600\" height=\"490\" srcset=\"https:\/\/danyfoundation.org\/wp-content\/uploads\/2015-Arlete-Filhas-1024x837.jpg 1024w, https:\/\/danyfoundation.org\/wp-content\/uploads\/2015-Arlete-Filhas-300x245.jpg 300w\" sizes=\"(max-width: 600px) 100vw, 600px\" \/><\/a><\/p>\n<p>&nbsp;<\/p>\n<p><strong>Uitdelen medicijnen, toiletspullen, lees brillen voor oudere mensen en kleding in \u00a0Ribeira das Patas,\u00a0 Santo Ant\u00e3o<\/strong><\/p>\n<p>&nbsp;<\/p>\n<p><a href=\"https:\/\/danyfoundation.org\/wp-content\/uploads\/20150704_090454.jpg\" target=\"_blank\"><img loading=\"lazy\" decoding=\"async\" class=\"aligncenter wp-image-1366 size-large\" src=\"https:\/\/danyfoundation.org\/wp-content\/uploads\/20150704_090454-1024x576.jpg\" alt=\"20150704_090454\" width=\"1024\" height=\"576\" srcset=\"https:\/\/danyfoundation.org\/wp-content\/uploads\/20150704_090454-1024x576.jpg 1024w, https:\/\/danyfoundation.org\/wp-content\/uploads\/20150704_090454-300x169.jpg 300w\" sizes=\"(max-width: 1024px) 100vw, 1024px\" \/><\/a><\/p>\n<p><a href=\"https:\/\/danyfoundation.org\/wp-content\/uploads\/20150704_090923.jpg\" target=\"_blank\"><img loading=\"lazy\" decoding=\"async\" class=\"aligncenter wp-image-1367 size-large\" src=\"https:\/\/danyfoundation.org\/wp-content\/uploads\/20150704_090923-1024x576.jpg\" alt=\"20150704_090923\" width=\"1024\" height=\"576\" srcset=\"https:\/\/danyfoundation.org\/wp-content\/uploads\/20150704_090923-1024x576.jpg 1024w, https:\/\/danyfoundation.org\/wp-content\/uploads\/20150704_090923-300x169.jpg 300w\" sizes=\"(max-width: 1024px) 100vw, 1024px\" \/><\/a>\u00a0\u00a0 <a href=\"https:\/\/danyfoundation.org\/wp-content\/uploads\/20150704_092700.jpg\" target=\"_blank\"><img loading=\"lazy\" decoding=\"async\" class=\"aligncenter wp-image-1370 size-large\" src=\"https:\/\/danyfoundation.org\/wp-content\/uploads\/20150704_092700-1024x576.jpg\" alt=\"20150704_092700\" width=\"1024\" height=\"576\" srcset=\"https:\/\/danyfoundation.org\/wp-content\/uploads\/20150704_092700-1024x576.jpg 1024w, https:\/\/danyfoundation.org\/wp-content\/uploads\/20150704_092700-300x169.jpg 300w\" sizes=\"(max-width: 1024px) 100vw, 1024px\" \/><\/a><\/p>\n<p>&nbsp;<\/p>\n<p>&nbsp;<\/p>\n<p>&nbsp;<\/p>\n","protected":false},"excerpt":{"rendered":"<p>In Juli 2015 is Grace Beatriz wederom naar Kaap Verdi\u00eb (S\u00e3o Vicente &amp; Santo Ant\u00e3o) afgereisd en heeft meerdere scholen, een kindertehuis, een bejaardentehuis, een ziekenhuis en ook een krottewijk bezocht om spullen (schoolartikelen, rugtassen, kleding,medicijnen, voedselpakketten, knuffels\/speelgoed\/spelletjes) uit delen voor degenen die het hard konden gebruiken. Hieronder een fotoreportage (klik op de foto\u2019s voor [&hellip;]<\/p>\n","protected":false},"author":1,"featured_media":0,"comment_status":"closed","ping_status":"closed","sticky":false,"template":"","format":"standard","meta":{"footnotes":""},"categories":[3],"tags":[],"yoast_head":"<!-- This site is optimized with the Yoast SEO plugin v23.5 - https:\/\/yoast.com\/wordpress\/plugins\/seo\/ -->\n<title>2015 Bezoek Kaapverdi\u00eb2015 Cape Verde Visit2015 Cabo Verde Visita2015 Cap Vert Visit - Dany Foundation<\/title>\n<meta name=\"robots\" content=\"index, follow, max-snippet:-1, max-image-preview:large, max-video-preview:-1\" \/>\n<link rel=\"canonical\" href=\"https:\/\/danyfoundation.org\/?p=1332\" \/>\n<meta property=\"og:locale\" content=\"nl_NL\" \/>\n<meta property=\"og:type\" content=\"article\" \/>\n<meta property=\"og:title\" content=\"2015 Bezoek Kaapverdi\u00eb2015 Cape Verde Visit2015 Cabo Verde Visita2015 Cap Vert Visit - Dany Foundation\" \/>\n<meta property=\"og:description\" content=\"In Juli 2015 is Grace Beatriz wederom naar Kaap Verdi\u00eb (S\u00e3o Vicente &amp; Santo Ant\u00e3o) afgereisd en heeft meerdere scholen, een kindertehuis, een bejaardentehuis, een ziekenhuis en ook een krottewijk bezocht om spullen (schoolartikelen, rugtassen, kleding,medicijnen, voedselpakketten, knuffels\/speelgoed\/spelletjes) uit delen voor degenen die het hard konden gebruiken. Hieronder een fotoreportage (klik op de foto\u2019s voor [&hellip;]\" \/>\n<meta property=\"og:url\" content=\"https:\/\/danyfoundation.org\/?p=1332\" \/>\n<meta property=\"og:site_name\" content=\"Dany Foundation\" \/>\n<meta property=\"article:published_time\" content=\"2015-09-11T14:25:08+00:00\" \/>\n<meta property=\"article:modified_time\" content=\"2015-09-19T11:18:35+00:00\" \/>\n<meta property=\"og:image\" content=\"https:\/\/danyfoundation.org\/wp-content\/uploads\/20150625_104000-300x169.jpg\" \/>\n<meta name=\"author\" content=\"grace\" \/>\n<meta name=\"twitter:card\" content=\"summary_large_image\" \/>\n<meta name=\"twitter:label1\" content=\"Geschreven door\" \/>\n\t<meta name=\"twitter:data1\" content=\"grace\" \/>\n\t<meta name=\"twitter:label2\" content=\"Geschatte leestijd\" \/>\n\t<meta name=\"twitter:data2\" content=\"3 minutes\" \/>\n<script type=\"application\/ld+json\" class=\"yoast-schema-graph\">{\"@context\":\"https:\/\/schema.org\",\"@graph\":[{\"@type\":\"Article\",\"@id\":\"https:\/\/danyfoundation.org\/?p=1332#article\",\"isPartOf\":{\"@id\":\"https:\/\/danyfoundation.org\/?p=1332\"},\"author\":{\"name\":\"grace\",\"@id\":\"https:\/\/danyfoundation.org\/#\/schema\/person\/8a17c53687a0af21804d991878b722fd\"},\"headline\":\"2015 Bezoek Kaapverdi\u00eb\",\"datePublished\":\"2015-09-11T14:25:08+00:00\",\"dateModified\":\"2015-09-19T11:18:35+00:00\",\"mainEntityOfPage\":{\"@id\":\"https:\/\/danyfoundation.org\/?p=1332\"},\"wordCount\":594,\"publisher\":{\"@id\":\"https:\/\/danyfoundation.org\/#organization\"},\"image\":{\"@id\":\"https:\/\/danyfoundation.org\/?p=1332#primaryimage\"},\"thumbnailUrl\":\"https:\/\/danyfoundation.org\/wp-content\/uploads\/20150625_104000-300x169.jpg\",\"articleSection\":[\"Nieuws\"],\"inLanguage\":\"nl-NL\"},{\"@type\":\"WebPage\",\"@id\":\"https:\/\/danyfoundation.org\/?p=1332\",\"url\":\"https:\/\/danyfoundation.org\/?p=1332\",\"name\":\"2015 Bezoek Kaapverdi\u00eb2015 Cape Verde Visit2015 Cabo Verde Visita2015 Cap Vert Visit - Dany Foundation\",\"isPartOf\":{\"@id\":\"https:\/\/danyfoundation.org\/#website\"},\"primaryImageOfPage\":{\"@id\":\"https:\/\/danyfoundation.org\/?p=1332#primaryimage\"},\"image\":{\"@id\":\"https:\/\/danyfoundation.org\/?p=1332#primaryimage\"},\"thumbnailUrl\":\"https:\/\/danyfoundation.org\/wp-content\/uploads\/20150625_104000-300x169.jpg\",\"datePublished\":\"2015-09-11T14:25:08+00:00\",\"dateModified\":\"2015-09-19T11:18:35+00:00\",\"breadcrumb\":{\"@id\":\"https:\/\/danyfoundation.org\/?p=1332#breadcrumb\"},\"inLanguage\":\"nl-NL\",\"potentialAction\":[{\"@type\":\"ReadAction\",\"target\":[\"https:\/\/danyfoundation.org\/?p=1332\"]}]},{\"@type\":\"ImageObject\",\"inLanguage\":\"nl-NL\",\"@id\":\"https:\/\/danyfoundation.org\/?p=1332#primaryimage\",\"url\":\"https:\/\/danyfoundation.org\/wp-content\/uploads\/20150625_104000.jpg\",\"contentUrl\":\"https:\/\/danyfoundation.org\/wp-content\/uploads\/20150625_104000.jpg\",\"width\":3264,\"height\":1836},{\"@type\":\"BreadcrumbList\",\"@id\":\"https:\/\/danyfoundation.org\/?p=1332#breadcrumb\",\"itemListElement\":[{\"@type\":\"ListItem\",\"position\":1,\"name\":\"Home\",\"item\":\"https:\/\/danyfoundation.org\/\"},{\"@type\":\"ListItem\",\"position\":2,\"name\":\"2015 Bezoek Kaapverdi\u00eb\"}]},{\"@type\":\"WebSite\",\"@id\":\"https:\/\/danyfoundation.org\/#website\",\"url\":\"https:\/\/danyfoundation.org\/\",\"name\":\"Dany Foundation\",\"description\":\"Stichting voor Kaapverdiaanse pati\u00ebnten\",\"publisher\":{\"@id\":\"https:\/\/danyfoundation.org\/#organization\"},\"potentialAction\":[{\"@type\":\"SearchAction\",\"target\":{\"@type\":\"EntryPoint\",\"urlTemplate\":\"https:\/\/danyfoundation.org\/?s={search_term_string}\"},\"query-input\":{\"@type\":\"PropertyValueSpecification\",\"valueRequired\":true,\"valueName\":\"search_term_string\"}}],\"inLanguage\":\"nl-NL\"},{\"@type\":\"Organization\",\"@id\":\"https:\/\/danyfoundation.org\/#organization\",\"name\":\"Dany Foundation\",\"url\":\"https:\/\/danyfoundation.org\/\",\"logo\":{\"@type\":\"ImageObject\",\"inLanguage\":\"nl-NL\",\"@id\":\"https:\/\/danyfoundation.org\/#\/schema\/logo\/image\/\",\"url\":\"https:\/\/danyfoundation.org\/wp-content\/uploads\/danyfoundation.jpg\",\"contentUrl\":\"https:\/\/danyfoundation.org\/wp-content\/uploads\/danyfoundation.jpg\",\"width\":\"272\",\"height\":\"406\",\"caption\":\"Dany Foundation\"},\"image\":{\"@id\":\"https:\/\/danyfoundation.org\/#\/schema\/logo\/image\/\"}},{\"@type\":\"Person\",\"@id\":\"https:\/\/danyfoundation.org\/#\/schema\/person\/8a17c53687a0af21804d991878b722fd\",\"name\":\"grace\",\"image\":{\"@type\":\"ImageObject\",\"inLanguage\":\"nl-NL\",\"@id\":\"https:\/\/danyfoundation.org\/#\/schema\/person\/image\/\",\"url\":\"https:\/\/secure.gravatar.com\/avatar\/d2cabdb5c853de679b0f3b871fa9071c?s=96&d=mm&r=g\",\"contentUrl\":\"https:\/\/secure.gravatar.com\/avatar\/d2cabdb5c853de679b0f3b871fa9071c?s=96&d=mm&r=g\",\"caption\":\"grace\"},\"sameAs\":[\"http:\/\/www.danyfoundation.org\"],\"url\":\"https:\/\/danyfoundation.org\/?author=1\"}]}<\/script>\n<!-- \/ Yoast SEO plugin. -->","yoast_head_json":{"title":"2015 Bezoek Kaapverdi\u00eb2015 Cape Verde Visit2015 Cabo Verde Visita2015 Cap Vert Visit - Dany Foundation","robots":{"index":"index","follow":"follow","max-snippet":"max-snippet:-1","max-image-preview":"max-image-preview:large","max-video-preview":"max-video-preview:-1"},"canonical":"https:\/\/danyfoundation.org\/?p=1332","og_locale":"nl_NL","og_type":"article","og_title":"2015 Bezoek Kaapverdi\u00eb2015 Cape Verde Visit2015 Cabo Verde Visita2015 Cap Vert Visit - Dany Foundation","og_description":"In Juli 2015 is Grace Beatriz wederom naar Kaap Verdi\u00eb (S\u00e3o Vicente &amp; Santo Ant\u00e3o) afgereisd en heeft meerdere scholen, een kindertehuis, een bejaardentehuis, een ziekenhuis en ook een krottewijk bezocht om spullen (schoolartikelen, rugtassen, kleding,medicijnen, voedselpakketten, knuffels\/speelgoed\/spelletjes) uit delen voor degenen die het hard konden gebruiken. Hieronder een fotoreportage (klik op de foto\u2019s voor [&hellip;]","og_url":"https:\/\/danyfoundation.org\/?p=1332","og_site_name":"Dany Foundation","article_published_time":"2015-09-11T14:25:08+00:00","article_modified_time":"2015-09-19T11:18:35+00:00","og_image":[{"url":"https:\/\/danyfoundation.org\/wp-content\/uploads\/20150625_104000-300x169.jpg"}],"author":"grace","twitter_card":"summary_large_image","twitter_misc":{"Geschreven door":"grace","Geschatte leestijd":"3 minutes"},"schema":{"@context":"https:\/\/schema.org","@graph":[{"@type":"Article","@id":"https:\/\/danyfoundation.org\/?p=1332#article","isPartOf":{"@id":"https:\/\/danyfoundation.org\/?p=1332"},"author":{"name":"grace","@id":"https:\/\/danyfoundation.org\/#\/schema\/person\/8a17c53687a0af21804d991878b722fd"},"headline":"2015 Bezoek Kaapverdi\u00eb","datePublished":"2015-09-11T14:25:08+00:00","dateModified":"2015-09-19T11:18:35+00:00","mainEntityOfPage":{"@id":"https:\/\/danyfoundation.org\/?p=1332"},"wordCount":594,"publisher":{"@id":"https:\/\/danyfoundation.org\/#organization"},"image":{"@id":"https:\/\/danyfoundation.org\/?p=1332#primaryimage"},"thumbnailUrl":"https:\/\/danyfoundation.org\/wp-content\/uploads\/20150625_104000-300x169.jpg","articleSection":["Nieuws"],"inLanguage":"nl-NL"},{"@type":"WebPage","@id":"https:\/\/danyfoundation.org\/?p=1332","url":"https:\/\/danyfoundation.org\/?p=1332","name":"2015 Bezoek Kaapverdi\u00eb2015 Cape Verde Visit2015 Cabo Verde Visita2015 Cap Vert Visit - Dany Foundation","isPartOf":{"@id":"https:\/\/danyfoundation.org\/#website"},"primaryImageOfPage":{"@id":"https:\/\/danyfoundation.org\/?p=1332#primaryimage"},"image":{"@id":"https:\/\/danyfoundation.org\/?p=1332#primaryimage"},"thumbnailUrl":"https:\/\/danyfoundation.org\/wp-content\/uploads\/20150625_104000-300x169.jpg","datePublished":"2015-09-11T14:25:08+00:00","dateModified":"2015-09-19T11:18:35+00:00","breadcrumb":{"@id":"https:\/\/danyfoundation.org\/?p=1332#breadcrumb"},"inLanguage":"nl-NL","potentialAction":[{"@type":"ReadAction","target":["https:\/\/danyfoundation.org\/?p=1332"]}]},{"@type":"ImageObject","inLanguage":"nl-NL","@id":"https:\/\/danyfoundation.org\/?p=1332#primaryimage","url":"https:\/\/danyfoundation.org\/wp-content\/uploads\/20150625_104000.jpg","contentUrl":"https:\/\/danyfoundation.org\/wp-content\/uploads\/20150625_104000.jpg","width":3264,"height":1836},{"@type":"BreadcrumbList","@id":"https:\/\/danyfoundation.org\/?p=1332#breadcrumb","itemListElement":[{"@type":"ListItem","position":1,"name":"Home","item":"https:\/\/danyfoundation.org\/"},{"@type":"ListItem","position":2,"name":"2015 Bezoek Kaapverdi\u00eb"}]},{"@type":"WebSite","@id":"https:\/\/danyfoundation.org\/#website","url":"https:\/\/danyfoundation.org\/","name":"Dany Foundation","description":"Stichting voor Kaapverdiaanse pati\u00ebnten","publisher":{"@id":"https:\/\/danyfoundation.org\/#organization"},"potentialAction":[{"@type":"SearchAction","target":{"@type":"EntryPoint","urlTemplate":"https:\/\/danyfoundation.org\/?s={search_term_string}"},"query-input":{"@type":"PropertyValueSpecification","valueRequired":true,"valueName":"search_term_string"}}],"inLanguage":"nl-NL"},{"@type":"Organization","@id":"https:\/\/danyfoundation.org\/#organization","name":"Dany Foundation","url":"https:\/\/danyfoundation.org\/","logo":{"@type":"ImageObject","inLanguage":"nl-NL","@id":"https:\/\/danyfoundation.org\/#\/schema\/logo\/image\/","url":"https:\/\/danyfoundation.org\/wp-content\/uploads\/danyfoundation.jpg","contentUrl":"https:\/\/danyfoundation.org\/wp-content\/uploads\/danyfoundation.jpg","width":"272","height":"406","caption":"Dany Foundation"},"image":{"@id":"https:\/\/danyfoundation.org\/#\/schema\/logo\/image\/"}},{"@type":"Person","@id":"https:\/\/danyfoundation.org\/#\/schema\/person\/8a17c53687a0af21804d991878b722fd","name":"grace","image":{"@type":"ImageObject","inLanguage":"nl-NL","@id":"https:\/\/danyfoundation.org\/#\/schema\/person\/image\/","url":"https:\/\/secure.gravatar.com\/avatar\/d2cabdb5c853de679b0f3b871fa9071c?s=96&d=mm&r=g","contentUrl":"https:\/\/secure.gravatar.com\/avatar\/d2cabdb5c853de679b0f3b871fa9071c?s=96&d=mm&r=g","caption":"grace"},"sameAs":["http:\/\/www.danyfoundation.org"],"url":"https:\/\/danyfoundation.org\/?author=1"}]}},"_links":{"self":[{"href":"https:\/\/danyfoundation.org\/index.php?rest_route=\/wp\/v2\/posts\/1332"}],"collection":[{"href":"https:\/\/danyfoundation.org\/index.php?rest_route=\/wp\/v2\/posts"}],"about":[{"href":"https:\/\/danyfoundation.org\/index.php?rest_route=\/wp\/v2\/types\/post"}],"author":[{"embeddable":true,"href":"https:\/\/danyfoundation.org\/index.php?rest_route=\/wp\/v2\/users\/1"}],"replies":[{"embeddable":true,"href":"https:\/\/danyfoundation.org\/index.php?rest_route=%2Fwp%2Fv2%2Fcomments&post=1332"}],"version-history":[{"count":16,"href":"https:\/\/danyfoundation.org\/index.php?rest_route=\/wp\/v2\/posts\/1332\/revisions"}],"predecessor-version":[{"id":1402,"href":"https:\/\/danyfoundation.org\/index.php?rest_route=\/wp\/v2\/posts\/1332\/revisions\/1402"}],"wp:attachment":[{"href":"https:\/\/danyfoundation.org\/index.php?rest_route=%2Fwp%2Fv2%2Fmedia&parent=1332"}],"wp:term":[{"taxonomy":"category","embeddable":true,"href":"https:\/\/danyfoundation.org\/index.php?rest_route=%2Fwp%2Fv2%2Fcategories&post=1332"},{"taxonomy":"post_tag","embeddable":true,"href":"https:\/\/danyfoundation.org\/index.php?rest_route=%2Fwp%2Fv2%2Ftags&post=1332"}],"curies":[{"name":"wp","href":"https:\/\/api.w.org\/{rel}","templated":true}]}}