{"id":220,"date":"2010-08-20T23:46:37","date_gmt":"2010-08-20T21:46:37","guid":{"rendered":"http:\/\/danyfoundation.org\/?p=220"},"modified":"2014-09-18T23:20:25","modified_gmt":"2014-09-18T21:20:25","slug":"diario-de-noticias-2","status":"publish","type":"post","link":"https:\/\/danyfoundation.org\/?p=220","title":{"rendered":"Diario de Noticias 1-3-2008"},"content":{"rendered":"<p>Op 1 maart 2008 verscheen in de veelgelezen Portugese krant Diario de Noticias een reportage over de schrikbarende toestand van de z.g. ge\u00ebvacueerde pati\u00ebnten in de Portugese hoofdstad Lissabon. Het is geschreven door de bekende journaliste C\u00e9u Neves. Zij heeft onlangs een Europese prijs ontvangen voor een andere reportage over gastarbeiders in Nederland (Groene Amsterdammer).<\/p>\n<p>Lees de reportage (in Portugees): <a href=\"https:\/\/danyfoundation.org\/wp-content\/uploads\/krant11_1.pdf\" target=\"_blank\">deel 1<\/a>, <a href=\"https:\/\/danyfoundation.org\/wp-content\/uploads\/krant11_2.pdf\" target=\"_blank\">deel 2<\/a>, <a href=\"https:\/\/danyfoundation.org\/wp-content\/uploads\/krant11_3.pdf\" target=\"_blank\">deel 3<\/a>, <a href=\"https:\/\/danyfoundation.org\/wp-content\/uploads\/krant11_4.pdf\" target=\"_blank\">deel 4<\/a>.<\/p>\n<p>Een gedeelte van de reportage werd ook in het Engels vertaald en verscheen in de online versie van A Semana. (zie hieronder)<\/p>\n<p>Op 8 maart verscheen in dezelfde krant ook een artikel over Grace Beatriz, de oprichtster van de Dany Foundation.<\/p>\n<p>Lees het artikel (in Portugees): <a href=\"https:\/\/danyfoundation.org\/wp-content\/uploads\/krant11_5.pdf\" target=\"_blank\">Diario de Noticias 08.03.08<\/a><\/p>\n<p style=\"text-align: center;\"><a href=\"https:\/\/danyfoundation.org\/wp-content\/uploads\/DN-2008.jpg\"><img loading=\"lazy\" decoding=\"async\" class=\"aligncenter size-full wp-image-1023\" title=\"DN 2008\" src=\"https:\/\/danyfoundation.org\/wp-content\/uploads\/DN-2008.jpg\" alt=\"\" width=\"691\" height=\"467\" srcset=\"https:\/\/danyfoundation.org\/wp-content\/uploads\/DN-2008.jpg 864w, https:\/\/danyfoundation.org\/wp-content\/uploads\/DN-2008-300x202.jpg 300w\" sizes=\"(max-width: 691px) 100vw, 691px\" \/><\/a><\/p>\n<p style=\"text-align: center;\">\n<p style=\"text-align: center;\"><a href=\"https:\/\/danyfoundation.org\/wp-content\/uploads\/2008-03-11-A-Semana-DN-Sick-on-two-euros-a-day.png\"><img loading=\"lazy\" decoding=\"async\" class=\"aligncenter size-full wp-image-1066\" title=\"2008 -03-11 - A Semana &amp; DN - Sick on two euros a day\" src=\"https:\/\/danyfoundation.org\/wp-content\/uploads\/2008-03-11-A-Semana-DN-Sick-on-two-euros-a-day.png\" alt=\"\" width=\"525\" height=\"2062\" \/><\/a><\/p>\n","protected":false},"excerpt":{"rendered":"<p>Op 1 maart 2008 verscheen in de veelgelezen Portugese krant Diario de Noticias een reportage over de schrikbarende toestand van de z.g. ge\u00ebvacueerde pati\u00ebnten in de Portugese hoofdstad Lissabon. Het is geschreven door de bekende journaliste C\u00e9u Neves. Zij heeft onlangs een Europese prijs ontvangen voor een andere reportage over gastarbeiders in Nederland (Groene Amsterdammer). [&hellip;]<\/p>\n","protected":false},"author":1,"featured_media":0,"comment_status":"closed","ping_status":"closed","sticky":false,"template":"","format":"standard","meta":{"footnotes":""},"categories":[4],"tags":[],"yoast_head":"<!-- This site is optimized with the Yoast SEO plugin v23.5 - https:\/\/yoast.com\/wordpress\/plugins\/seo\/ -->\n<title>Diario de Noticias 1-3-2008Diario de Noticias 1-3-2008Diario de Noticias 1-3-2008Diario de Noticias 1-3-2008 - Dany Foundation<\/title>\n<meta name=\"robots\" content=\"index, follow, max-snippet:-1, max-image-preview:large, max-video-preview:-1\" \/>\n<link rel=\"canonical\" href=\"https:\/\/danyfoundation.org\/?p=220\" \/>\n<meta property=\"og:locale\" content=\"nl_NL\" \/>\n<meta property=\"og:type\" content=\"article\" \/>\n<meta property=\"og:title\" content=\"Diario de Noticias 1-3-2008Diario de Noticias 1-3-2008Diario de Noticias 1-3-2008Diario de Noticias 1-3-2008 - Dany Foundation\" \/>\n<meta property=\"og:description\" content=\"Op 1 maart 2008 verscheen in de veelgelezen Portugese krant Diario de Noticias een reportage over de schrikbarende toestand van de z.g. ge\u00ebvacueerde pati\u00ebnten in de Portugese hoofdstad Lissabon. Het is geschreven door de bekende journaliste C\u00e9u Neves. Zij heeft onlangs een Europese prijs ontvangen voor een andere reportage over gastarbeiders in Nederland (Groene Amsterdammer). [&hellip;]\" \/>\n<meta property=\"og:url\" content=\"https:\/\/danyfoundation.org\/?p=220\" \/>\n<meta property=\"og:site_name\" content=\"Dany Foundation\" \/>\n<meta property=\"article:published_time\" content=\"2010-08-20T21:46:37+00:00\" \/>\n<meta property=\"article:modified_time\" content=\"2014-09-18T21:20:25+00:00\" \/>\n<meta property=\"og:image\" content=\"https:\/\/danyfoundation.org\/wp-content\/uploads\/DN-2008.jpg\" \/>\n<meta name=\"author\" content=\"grace\" \/>\n<meta name=\"twitter:card\" content=\"summary_large_image\" \/>\n<meta name=\"twitter:label1\" content=\"Geschreven door\" \/>\n\t<meta name=\"twitter:data1\" content=\"grace\" \/>\n\t<meta name=\"twitter:label2\" content=\"Geschatte leestijd\" \/>\n\t<meta name=\"twitter:data2\" content=\"2 minutes\" \/>\n<script type=\"application\/ld+json\" class=\"yoast-schema-graph\">{\"@context\":\"https:\/\/schema.org\",\"@graph\":[{\"@type\":\"Article\",\"@id\":\"https:\/\/danyfoundation.org\/?p=220#article\",\"isPartOf\":{\"@id\":\"https:\/\/danyfoundation.org\/?p=220\"},\"author\":{\"name\":\"grace\",\"@id\":\"https:\/\/danyfoundation.org\/#\/schema\/person\/8a17c53687a0af21804d991878b722fd\"},\"headline\":\"Diario de Noticias 1-3-2008\",\"datePublished\":\"2010-08-20T21:46:37+00:00\",\"dateModified\":\"2014-09-18T21:20:25+00:00\",\"mainEntityOfPage\":{\"@id\":\"https:\/\/danyfoundation.org\/?p=220\"},\"wordCount\":389,\"publisher\":{\"@id\":\"https:\/\/danyfoundation.org\/#organization\"},\"image\":{\"@id\":\"https:\/\/danyfoundation.org\/?p=220#primaryimage\"},\"thumbnailUrl\":\"https:\/\/danyfoundation.org\/wp-content\/uploads\/DN-2008.jpg\",\"articleSection\":[\"Krantartikelen\"],\"inLanguage\":\"nl-NL\"},{\"@type\":\"WebPage\",\"@id\":\"https:\/\/danyfoundation.org\/?p=220\",\"url\":\"https:\/\/danyfoundation.org\/?p=220\",\"name\":\"Diario de Noticias 1-3-2008Diario de Noticias 1-3-2008Diario de Noticias 1-3-2008Diario de Noticias 1-3-2008 - Dany Foundation\",\"isPartOf\":{\"@id\":\"https:\/\/danyfoundation.org\/#website\"},\"primaryImageOfPage\":{\"@id\":\"https:\/\/danyfoundation.org\/?p=220#primaryimage\"},\"image\":{\"@id\":\"https:\/\/danyfoundation.org\/?p=220#primaryimage\"},\"thumbnailUrl\":\"https:\/\/danyfoundation.org\/wp-content\/uploads\/DN-2008.jpg\",\"datePublished\":\"2010-08-20T21:46:37+00:00\",\"dateModified\":\"2014-09-18T21:20:25+00:00\",\"breadcrumb\":{\"@id\":\"https:\/\/danyfoundation.org\/?p=220#breadcrumb\"},\"inLanguage\":\"nl-NL\",\"potentialAction\":[{\"@type\":\"ReadAction\",\"target\":[\"https:\/\/danyfoundation.org\/?p=220\"]}]},{\"@type\":\"ImageObject\",\"inLanguage\":\"nl-NL\",\"@id\":\"https:\/\/danyfoundation.org\/?p=220#primaryimage\",\"url\":\"https:\/\/danyfoundation.org\/wp-content\/uploads\/DN-2008.jpg\",\"contentUrl\":\"https:\/\/danyfoundation.org\/wp-content\/uploads\/DN-2008.jpg\"},{\"@type\":\"BreadcrumbList\",\"@id\":\"https:\/\/danyfoundation.org\/?p=220#breadcrumb\",\"itemListElement\":[{\"@type\":\"ListItem\",\"position\":1,\"name\":\"Home\",\"item\":\"https:\/\/danyfoundation.org\/\"},{\"@type\":\"ListItem\",\"position\":2,\"name\":\"Diario de Noticias 1-3-2008\"}]},{\"@type\":\"WebSite\",\"@id\":\"https:\/\/danyfoundation.org\/#website\",\"url\":\"https:\/\/danyfoundation.org\/\",\"name\":\"Dany Foundation\",\"description\":\"Stichting voor Kaapverdiaanse pati\u00ebnten\",\"publisher\":{\"@id\":\"https:\/\/danyfoundation.org\/#organization\"},\"potentialAction\":[{\"@type\":\"SearchAction\",\"target\":{\"@type\":\"EntryPoint\",\"urlTemplate\":\"https:\/\/danyfoundation.org\/?s={search_term_string}\"},\"query-input\":{\"@type\":\"PropertyValueSpecification\",\"valueRequired\":true,\"valueName\":\"search_term_string\"}}],\"inLanguage\":\"nl-NL\"},{\"@type\":\"Organization\",\"@id\":\"https:\/\/danyfoundation.org\/#organization\",\"name\":\"Dany Foundation\",\"url\":\"https:\/\/danyfoundation.org\/\",\"logo\":{\"@type\":\"ImageObject\",\"inLanguage\":\"nl-NL\",\"@id\":\"https:\/\/danyfoundation.org\/#\/schema\/logo\/image\/\",\"url\":\"https:\/\/danyfoundation.org\/wp-content\/uploads\/danyfoundation.jpg\",\"contentUrl\":\"https:\/\/danyfoundation.org\/wp-content\/uploads\/danyfoundation.jpg\",\"width\":\"272\",\"height\":\"406\",\"caption\":\"Dany Foundation\"},\"image\":{\"@id\":\"https:\/\/danyfoundation.org\/#\/schema\/logo\/image\/\"}},{\"@type\":\"Person\",\"@id\":\"https:\/\/danyfoundation.org\/#\/schema\/person\/8a17c53687a0af21804d991878b722fd\",\"name\":\"grace\",\"image\":{\"@type\":\"ImageObject\",\"inLanguage\":\"nl-NL\",\"@id\":\"https:\/\/danyfoundation.org\/#\/schema\/person\/image\/\",\"url\":\"https:\/\/secure.gravatar.com\/avatar\/d2cabdb5c853de679b0f3b871fa9071c?s=96&d=mm&r=g\",\"contentUrl\":\"https:\/\/secure.gravatar.com\/avatar\/d2cabdb5c853de679b0f3b871fa9071c?s=96&d=mm&r=g\",\"caption\":\"grace\"},\"sameAs\":[\"http:\/\/www.danyfoundation.org\"],\"url\":\"https:\/\/danyfoundation.org\/?author=1\"}]}<\/script>\n<!-- \/ Yoast SEO plugin. -->","yoast_head_json":{"title":"Diario de Noticias 1-3-2008Diario de Noticias 1-3-2008Diario de Noticias 1-3-2008Diario de Noticias 1-3-2008 - Dany Foundation","robots":{"index":"index","follow":"follow","max-snippet":"max-snippet:-1","max-image-preview":"max-image-preview:large","max-video-preview":"max-video-preview:-1"},"canonical":"https:\/\/danyfoundation.org\/?p=220","og_locale":"nl_NL","og_type":"article","og_title":"Diario de Noticias 1-3-2008Diario de Noticias 1-3-2008Diario de Noticias 1-3-2008Diario de Noticias 1-3-2008 - Dany Foundation","og_description":"Op 1 maart 2008 verscheen in de veelgelezen Portugese krant Diario de Noticias een reportage over de schrikbarende toestand van de z.g. ge\u00ebvacueerde pati\u00ebnten in de Portugese hoofdstad Lissabon. Het is geschreven door de bekende journaliste C\u00e9u Neves. Zij heeft onlangs een Europese prijs ontvangen voor een andere reportage over gastarbeiders in Nederland (Groene Amsterdammer). [&hellip;]","og_url":"https:\/\/danyfoundation.org\/?p=220","og_site_name":"Dany Foundation","article_published_time":"2010-08-20T21:46:37+00:00","article_modified_time":"2014-09-18T21:20:25+00:00","og_image":[{"url":"https:\/\/danyfoundation.org\/wp-content\/uploads\/DN-2008.jpg"}],"author":"grace","twitter_card":"summary_large_image","twitter_misc":{"Geschreven door":"grace","Geschatte leestijd":"2 minutes"},"schema":{"@context":"https:\/\/schema.org","@graph":[{"@type":"Article","@id":"https:\/\/danyfoundation.org\/?p=220#article","isPartOf":{"@id":"https:\/\/danyfoundation.org\/?p=220"},"author":{"name":"grace","@id":"https:\/\/danyfoundation.org\/#\/schema\/person\/8a17c53687a0af21804d991878b722fd"},"headline":"Diario de Noticias 1-3-2008","datePublished":"2010-08-20T21:46:37+00:00","dateModified":"2014-09-18T21:20:25+00:00","mainEntityOfPage":{"@id":"https:\/\/danyfoundation.org\/?p=220"},"wordCount":389,"publisher":{"@id":"https:\/\/danyfoundation.org\/#organization"},"image":{"@id":"https:\/\/danyfoundation.org\/?p=220#primaryimage"},"thumbnailUrl":"https:\/\/danyfoundation.org\/wp-content\/uploads\/DN-2008.jpg","articleSection":["Krantartikelen"],"inLanguage":"nl-NL"},{"@type":"WebPage","@id":"https:\/\/danyfoundation.org\/?p=220","url":"https:\/\/danyfoundation.org\/?p=220","name":"Diario de Noticias 1-3-2008Diario de Noticias 1-3-2008Diario de Noticias 1-3-2008Diario de Noticias 1-3-2008 - Dany Foundation","isPartOf":{"@id":"https:\/\/danyfoundation.org\/#website"},"primaryImageOfPage":{"@id":"https:\/\/danyfoundation.org\/?p=220#primaryimage"},"image":{"@id":"https:\/\/danyfoundation.org\/?p=220#primaryimage"},"thumbnailUrl":"https:\/\/danyfoundation.org\/wp-content\/uploads\/DN-2008.jpg","datePublished":"2010-08-20T21:46:37+00:00","dateModified":"2014-09-18T21:20:25+00:00","breadcrumb":{"@id":"https:\/\/danyfoundation.org\/?p=220#breadcrumb"},"inLanguage":"nl-NL","potentialAction":[{"@type":"ReadAction","target":["https:\/\/danyfoundation.org\/?p=220"]}]},{"@type":"ImageObject","inLanguage":"nl-NL","@id":"https:\/\/danyfoundation.org\/?p=220#primaryimage","url":"https:\/\/danyfoundation.org\/wp-content\/uploads\/DN-2008.jpg","contentUrl":"https:\/\/danyfoundation.org\/wp-content\/uploads\/DN-2008.jpg"},{"@type":"BreadcrumbList","@id":"https:\/\/danyfoundation.org\/?p=220#breadcrumb","itemListElement":[{"@type":"ListItem","position":1,"name":"Home","item":"https:\/\/danyfoundation.org\/"},{"@type":"ListItem","position":2,"name":"Diario de Noticias 1-3-2008"}]},{"@type":"WebSite","@id":"https:\/\/danyfoundation.org\/#website","url":"https:\/\/danyfoundation.org\/","name":"Dany Foundation","description":"Stichting voor Kaapverdiaanse pati\u00ebnten","publisher":{"@id":"https:\/\/danyfoundation.org\/#organization"},"potentialAction":[{"@type":"SearchAction","target":{"@type":"EntryPoint","urlTemplate":"https:\/\/danyfoundation.org\/?s={search_term_string}"},"query-input":{"@type":"PropertyValueSpecification","valueRequired":true,"valueName":"search_term_string"}}],"inLanguage":"nl-NL"},{"@type":"Organization","@id":"https:\/\/danyfoundation.org\/#organization","name":"Dany Foundation","url":"https:\/\/danyfoundation.org\/","logo":{"@type":"ImageObject","inLanguage":"nl-NL","@id":"https:\/\/danyfoundation.org\/#\/schema\/logo\/image\/","url":"https:\/\/danyfoundation.org\/wp-content\/uploads\/danyfoundation.jpg","contentUrl":"https:\/\/danyfoundation.org\/wp-content\/uploads\/danyfoundation.jpg","width":"272","height":"406","caption":"Dany Foundation"},"image":{"@id":"https:\/\/danyfoundation.org\/#\/schema\/logo\/image\/"}},{"@type":"Person","@id":"https:\/\/danyfoundation.org\/#\/schema\/person\/8a17c53687a0af21804d991878b722fd","name":"grace","image":{"@type":"ImageObject","inLanguage":"nl-NL","@id":"https:\/\/danyfoundation.org\/#\/schema\/person\/image\/","url":"https:\/\/secure.gravatar.com\/avatar\/d2cabdb5c853de679b0f3b871fa9071c?s=96&d=mm&r=g","contentUrl":"https:\/\/secure.gravatar.com\/avatar\/d2cabdb5c853de679b0f3b871fa9071c?s=96&d=mm&r=g","caption":"grace"},"sameAs":["http:\/\/www.danyfoundation.org"],"url":"https:\/\/danyfoundation.org\/?author=1"}]}},"_links":{"self":[{"href":"https:\/\/danyfoundation.org\/index.php?rest_route=\/wp\/v2\/posts\/220"}],"collection":[{"href":"https:\/\/danyfoundation.org\/index.php?rest_route=\/wp\/v2\/posts"}],"about":[{"href":"https:\/\/danyfoundation.org\/index.php?rest_route=\/wp\/v2\/types\/post"}],"author":[{"embeddable":true,"href":"https:\/\/danyfoundation.org\/index.php?rest_route=\/wp\/v2\/users\/1"}],"replies":[{"embeddable":true,"href":"https:\/\/danyfoundation.org\/index.php?rest_route=%2Fwp%2Fv2%2Fcomments&post=220"}],"version-history":[{"count":13,"href":"https:\/\/danyfoundation.org\/index.php?rest_route=\/wp\/v2\/posts\/220\/revisions"}],"predecessor-version":[{"id":1068,"href":"https:\/\/danyfoundation.org\/index.php?rest_route=\/wp\/v2\/posts\/220\/revisions\/1068"}],"wp:attachment":[{"href":"https:\/\/danyfoundation.org\/index.php?rest_route=%2Fwp%2Fv2%2Fmedia&parent=220"}],"wp:term":[{"taxonomy":"category","embeddable":true,"href":"https:\/\/danyfoundation.org\/index.php?rest_route=%2Fwp%2Fv2%2Fcategories&post=220"},{"taxonomy":"post_tag","embeddable":true,"href":"https:\/\/danyfoundation.org\/index.php?rest_route=%2Fwp%2Fv2%2Ftags&post=220"}],"curies":[{"name":"wp","href":"https:\/\/api.w.org\/{rel}","templated":true}]}}